{"id":9881,"date":"2025-08-28T00:21:42","date_gmt":"2025-08-28T03:21:42","guid":{"rendered":"https:\/\/facaweb.uncoma.edu.ar\/?p=9881"},"modified":"2025-08-28T00:21:51","modified_gmt":"2025-08-28T03:21:51","slug":"la-faca-presente-en-el-2-congreso-de-educacion-en-ambiente","status":"publish","type":"post","link":"https:\/\/facaweb.uncoma.edu.ar\/index.php\/sin-categoria\/la-faca-presente-en-el-2-congreso-de-educacion-en-ambiente\/","title":{"rendered":"La FaCA presente en el 2\u00b0 Congreso de Educaci\u00f3n en Ambiente"},"content":{"rendered":"<div class=\"x14z9mp xat24cr x1lziwak x1vvkbs xtlvy1s x126k92a\">\n<div dir=\"auto\"><img fetchpriority=\"high\" decoding=\"async\" class=\" wp-image-9882 aligncenter\" src=\"https:\/\/facaweb.uncoma.edu.ar\/wp-content\/uploads\/2025\/08\/WhatsApp-Image-2025-08-26-at-11.35.35-300x225.jpeg\" alt=\"\" width=\"499\" height=\"374\" srcset=\"https:\/\/facaweb.uncoma.edu.ar\/wp-content\/uploads\/2025\/08\/WhatsApp-Image-2025-08-26-at-11.35.35-300x225.jpeg 300w, https:\/\/facaweb.uncoma.edu.ar\/wp-content\/uploads\/2025\/08\/WhatsApp-Image-2025-08-26-at-11.35.35-1024x768.jpeg 1024w, https:\/\/facaweb.uncoma.edu.ar\/wp-content\/uploads\/2025\/08\/WhatsApp-Image-2025-08-26-at-11.35.35-768x576.jpeg 768w, https:\/\/facaweb.uncoma.edu.ar\/wp-content\/uploads\/2025\/08\/WhatsApp-Image-2025-08-26-at-11.35.35.jpeg 1280w\" sizes=\"(max-width: 499px) 100vw, 499px\" \/><\/div>\n<div dir=\"auto\"><\/div>\n<div dir=\"auto\">Desde hace dos a\u00f1os, la Facultad de Ciencias Agrarias (FaCA) ha tenido un rol activo en el Nodo Agroecol\u00f3gico Territorial Patag\u00f3nico Comahue (NAT).<\/div>\n<div dir=\"auto\"><\/div>\n<\/div>\n<div class=\"x14z9mp xat24cr x1lziwak x1vvkbs xtlvy1s x126k92a\">\n<div dir=\"auto\">A trav\u00e9s de la c\u00e1tedra de Agroecolog\u00eda, la facultad ha participado de forma directa en las diversas actividades que promueve el nodo.<\/div>\n<\/div>\n<div class=\"x14z9mp xat24cr x1lziwak x1vvkbs xtlvy1s x126k92a\">\n<div dir=\"auto\">El martes 26 de agosto, la docente Ing. Agr. Claudia Dussi represent\u00f3 a la Facultad de Ciencias Agrarias en el Congreso de Educaci\u00f3n Ambiental, organizado por la fundaci\u00f3n SIENDO, en el Complejo Cultural Cipolletti (CCC).<\/div>\n<div dir=\"auto\"><\/div>\n<\/div>\n<div class=\"x14z9mp xat24cr x1lziwak x1vvkbs xtlvy1s x126k92a\">\n<div dir=\"auto\">En este evento, la facultad no solo particip\u00f3, sino que tambi\u00e9n acompa\u00f1\u00f3 a agricultores y agricultoras del NAT, quienes tuvieron la oportunidad de exponer sus productos, como plantas y plantines, directamente al p\u00fablico.<\/div>\n<div dir=\"auto\"><\/div>\n<\/div>\n<div class=\"x14z9mp xat24cr x1lziwak x1vvkbs xtlvy1s x126k92a\">\n<div dir=\"auto\">Esta jornada foment\u00f3 un valioso intercambio entre los productores y los consumidores de alimentos, fortaleciendo la relaci\u00f3n directa y el conocimiento sobre los productos locales.<\/div>\n<div dir=\"auto\"><\/div>\n<\/div>\n<div class=\"x14z9mp xat24cr x1lziwak x1vvkbs xtlvy1s x126k92a\">\n<div dir=\"auto\">La participaci\u00f3n en el congreso visibiliz\u00f3 el trabajo de la Facultad de Ciencias Agrarias en el \u00e1mbito de la agroecolog\u00eda y a su vez destac\u00f3 la labor de los agricultores y agricultoras de la regi\u00f3n.<\/div>\n<\/div>\n","protected":false},"excerpt":{"rendered":"<p>Desde hace dos a\u00f1os, la Facultad de Ciencias Agrarias (FaCA) ha tenido un rol activo en el Nodo Agroecol\u00f3gico Territorial Patag\u00f3nico Comahue (NAT). A trav\u00e9s de la c\u00e1tedra de Agroecolog\u00eda, la facultad ha participado de forma directa en las diversas actividades que promueve el nodo. El martes 26 de agosto, la docente Ing. Agr. Claudia [&hellip;]<\/p>\n","protected":false},"author":3,"featured_media":9882,"comment_status":"open","ping_status":"open","sticky":false,"template":"","format":"standard","meta":{"_acf_changed":false,"footnotes":""},"categories":[10,1],"tags":[],"class_list":["post-9881","post","type-post","status-publish","format-standard","has-post-thumbnail","hentry","category-novedades","category-sin-categoria"],"acf":[],"_links":{"self":[{"href":"https:\/\/facaweb.uncoma.edu.ar\/index.php\/wp-json\/wp\/v2\/posts\/9881","targetHints":{"allow":["GET"]}}],"collection":[{"href":"https:\/\/facaweb.uncoma.edu.ar\/index.php\/wp-json\/wp\/v2\/posts"}],"about":[{"href":"https:\/\/facaweb.uncoma.edu.ar\/index.php\/wp-json\/wp\/v2\/types\/post"}],"author":[{"embeddable":true,"href":"https:\/\/facaweb.uncoma.edu.ar\/index.php\/wp-json\/wp\/v2\/users\/3"}],"replies":[{"embeddable":true,"href":"https:\/\/facaweb.uncoma.edu.ar\/index.php\/wp-json\/wp\/v2\/comments?post=9881"}],"version-history":[{"count":1,"href":"https:\/\/facaweb.uncoma.edu.ar\/index.php\/wp-json\/wp\/v2\/posts\/9881\/revisions"}],"predecessor-version":[{"id":9883,"href":"https:\/\/facaweb.uncoma.edu.ar\/index.php\/wp-json\/wp\/v2\/posts\/9881\/revisions\/9883"}],"wp:featuredmedia":[{"embeddable":true,"href":"https:\/\/facaweb.uncoma.edu.ar\/index.php\/wp-json\/wp\/v2\/media\/9882"}],"wp:attachment":[{"href":"https:\/\/facaweb.uncoma.edu.ar\/index.php\/wp-json\/wp\/v2\/media?parent=9881"}],"wp:term":[{"taxonomy":"category","embeddable":true,"href":"https:\/\/facaweb.uncoma.edu.ar\/index.php\/wp-json\/wp\/v2\/categories?post=9881"},{"taxonomy":"post_tag","embeddable":true,"href":"https:\/\/facaweb.uncoma.edu.ar\/index.php\/wp-json\/wp\/v2\/tags?post=9881"}],"curies":[{"name":"wp","href":"https:\/\/api.w.org\/{rel}","templated":true}]}}