{"id":7958,"date":"2024-11-07T03:07:37","date_gmt":"2024-11-07T06:07:37","guid":{"rendered":"https:\/\/facaweb.uncoma.edu.ar\/?p=7958"},"modified":"2024-11-07T03:07:37","modified_gmt":"2024-11-07T06:07:37","slug":"avanza-el-proyecto-de-la-maestria-en-cannabis-consolidando-la-oferta-academica-de-las-facultades-de-ciencias-agrarias-y-ciencias-medicas-de-la-unco","status":"publish","type":"post","link":"https:\/\/facaweb.uncoma.edu.ar\/index.php\/novedades\/avanza-el-proyecto-de-la-maestria-en-cannabis-consolidando-la-oferta-academica-de-las-facultades-de-ciencias-agrarias-y-ciencias-medicas-de-la-unco\/","title":{"rendered":"Avanza el proyecto de la Maestr\u00eda en Cannabis, consolidando la oferta acad\u00e9mica de las Facultades de Ciencias Agrarias y Ciencias M\u00e9dicas de la UNCo."},"content":{"rendered":"<p><img fetchpriority=\"high\" decoding=\"async\" class=\"size-medium wp-image-7959 alignleft\" src=\"https:\/\/facaweb.uncoma.edu.ar\/wp-content\/uploads\/2024\/11\/IMG-20241105-WA0010-1170x878-1-300x225.jpg\" alt=\"\" width=\"300\" height=\"225\" srcset=\"https:\/\/facaweb.uncoma.edu.ar\/wp-content\/uploads\/2024\/11\/IMG-20241105-WA0010-1170x878-1-300x225.jpg 300w, https:\/\/facaweb.uncoma.edu.ar\/wp-content\/uploads\/2024\/11\/IMG-20241105-WA0010-1170x878-1-1024x768.jpg 1024w, https:\/\/facaweb.uncoma.edu.ar\/wp-content\/uploads\/2024\/11\/IMG-20241105-WA0010-1170x878-1-768x576.jpg 768w, https:\/\/facaweb.uncoma.edu.ar\/wp-content\/uploads\/2024\/11\/IMG-20241105-WA0010-1170x878-1.jpg 1170w\" sizes=\"(max-width: 300px) 100vw, 300px\" \/><\/p>\n<p><span style=\"font-weight: 400;\">La decana de la Facultad de Ciencias M\u00e9dicas (FACIMED) <\/span><span style=\"font-weight: 400;\">\u00a0(Mg.) <\/span><span style=\"font-weight: 400;\">Silvia \u00c1vila y el decano de la Facultad de Ciencias Agrarias (FACA) <\/span><span style=\"font-weight: 400;\">(Mg.) Ing. Agr.<\/span><span style=\"font-weight: 400;\"> Esteban Jockers, firmaron un acta acuerdo con la intenci\u00f3n de realizar un trabajo conjunto para la creaci\u00f3n de la Maestr\u00eda en Cannabis que adem\u00e1s contar\u00e1 con la participaci\u00f3n del INTA.<\/span><span style=\"font-weight: 400;\"> A trav\u00e9s de un acta acuerdo firmada el pasado martes 5 de noviembre, las instituciones se comprometieron a trabajar de manera colaborativa en el desarrollo del programa de posgrado para abordar el estudio integral del cannabis.<\/span><\/p>\n<p><span style=\"font-weight: 400;\">Este acuerdo consolida la iniciativa y tambi\u00e9n establece un comit\u00e9 de redacci\u00f3n conformado por representantes de cada instituci\u00f3n, quienes se encargar\u00e1n de definir los contenidos, la metodolog\u00eda y los objetivos de la maestr\u00eda.<img decoding=\"async\" class=\" wp-image-7816 alignright\" src=\"https:\/\/facaweb.uncoma.edu.ar\/wp-content\/uploads\/2024\/10\/2024_cannabis_mdoeyo-copia-300x200.jpg\" alt=\"\" width=\"224\" height=\"149\" srcset=\"https:\/\/facaweb.uncoma.edu.ar\/wp-content\/uploads\/2024\/10\/2024_cannabis_mdoeyo-copia-300x200.jpg 300w, https:\/\/facaweb.uncoma.edu.ar\/wp-content\/uploads\/2024\/10\/2024_cannabis_mdoeyo-copia-1024x683.jpg 1024w, https:\/\/facaweb.uncoma.edu.ar\/wp-content\/uploads\/2024\/10\/2024_cannabis_mdoeyo-copia-768x512.jpg 768w, https:\/\/facaweb.uncoma.edu.ar\/wp-content\/uploads\/2024\/10\/2024_cannabis_mdoeyo-copia-1536x1024.jpg 1536w, https:\/\/facaweb.uncoma.edu.ar\/wp-content\/uploads\/2024\/10\/2024_cannabis_mdoeyo-copia-2048x1365.jpg 2048w\" sizes=\"(max-width: 224px) 100vw, 224px\" \/><\/span><\/p>\n<p><span style=\"font-weight: 400;\">Adem\u00e1s de la decana y decano, estuvieron presentes en la reuni\u00f3n el docente <\/span><span style=\"font-weight: 400;\">investigador Dr. <\/span><span style=\"font-weight: 400;\">Andr\u00e9s Venturino, la Secretaria de posgrado de la FaCA <\/span><span style=\"font-weight: 400;\">Dra. <\/span><span style=\"font-weight: 400;\">Cecilia Gittins, y <\/span><span style=\"font-weight: 400;\">Director de Posgrado de la UNCo Dr.<\/span><span style=\"font-weight: 400;\"> Enrique Mases, director de Posgrado de la UNCo, demostrando el compromiso institucional con este proyecto.<\/span><\/p>\n","protected":false},"excerpt":{"rendered":"<p>La decana de la Facultad de Ciencias M\u00e9dicas (FACIMED) \u00a0(Mg.) Silvia \u00c1vila y el decano de la Facultad de Ciencias Agrarias (FACA) (Mg.) Ing. Agr. Esteban Jockers, firmaron un acta acuerdo con la intenci\u00f3n de realizar un trabajo conjunto para la creaci\u00f3n de la Maestr\u00eda en Cannabis que adem\u00e1s contar\u00e1 con la participaci\u00f3n del INTA. [&hellip;]<\/p>\n","protected":false},"author":3,"featured_media":7959,"comment_status":"open","ping_status":"open","sticky":false,"template":"","format":"standard","meta":{"_acf_changed":false,"footnotes":""},"categories":[12,10],"tags":[],"class_list":["post-7958","post","type-post","status-publish","format-standard","has-post-thumbnail","hentry","category-institucional","category-novedades"],"acf":[],"_links":{"self":[{"href":"https:\/\/facaweb.uncoma.edu.ar\/index.php\/wp-json\/wp\/v2\/posts\/7958","targetHints":{"allow":["GET"]}}],"collection":[{"href":"https:\/\/facaweb.uncoma.edu.ar\/index.php\/wp-json\/wp\/v2\/posts"}],"about":[{"href":"https:\/\/facaweb.uncoma.edu.ar\/index.php\/wp-json\/wp\/v2\/types\/post"}],"author":[{"embeddable":true,"href":"https:\/\/facaweb.uncoma.edu.ar\/index.php\/wp-json\/wp\/v2\/users\/3"}],"replies":[{"embeddable":true,"href":"https:\/\/facaweb.uncoma.edu.ar\/index.php\/wp-json\/wp\/v2\/comments?post=7958"}],"version-history":[{"count":1,"href":"https:\/\/facaweb.uncoma.edu.ar\/index.php\/wp-json\/wp\/v2\/posts\/7958\/revisions"}],"predecessor-version":[{"id":7960,"href":"https:\/\/facaweb.uncoma.edu.ar\/index.php\/wp-json\/wp\/v2\/posts\/7958\/revisions\/7960"}],"wp:featuredmedia":[{"embeddable":true,"href":"https:\/\/facaweb.uncoma.edu.ar\/index.php\/wp-json\/wp\/v2\/media\/7959"}],"wp:attachment":[{"href":"https:\/\/facaweb.uncoma.edu.ar\/index.php\/wp-json\/wp\/v2\/media?parent=7958"}],"wp:term":[{"taxonomy":"category","embeddable":true,"href":"https:\/\/facaweb.uncoma.edu.ar\/index.php\/wp-json\/wp\/v2\/categories?post=7958"},{"taxonomy":"post_tag","embeddable":true,"href":"https:\/\/facaweb.uncoma.edu.ar\/index.php\/wp-json\/wp\/v2\/tags?post=7958"}],"curies":[{"name":"wp","href":"https:\/\/api.w.org\/{rel}","templated":true}]}}