{"id":7682,"date":"2024-10-07T17:13:26","date_gmt":"2024-10-07T20:13:26","guid":{"rendered":"https:\/\/facaweb.uncoma.edu.ar\/?p=7682"},"modified":"2024-10-07T17:25:26","modified_gmt":"2024-10-07T20:25:26","slug":"la-facultad-de-ciencias-agrarias-de-la-unco-debatira-sobre-el-agua-y-la-soberania","status":"publish","type":"post","link":"https:\/\/facaweb.uncoma.edu.ar\/index.php\/novedades\/la-facultad-de-ciencias-agrarias-de-la-unco-debatira-sobre-el-agua-y-la-soberania\/","title":{"rendered":"La Facultad de Ciencias Agrarias de la UNCo debatir\u00e1 sobre el Agua y la Soberan\u00eda"},"content":{"rendered":"<p data-sourcepos=\"13:1-13:423\"><img fetchpriority=\"high\" decoding=\"async\" class=\" wp-image-7683 alignleft\" src=\"https:\/\/facaweb.uncoma.edu.ar\/wp-content\/uploads\/2024\/10\/FAC-FAIN-INTA-240x300.png\" alt=\"\" width=\"387\" height=\"484\" srcset=\"https:\/\/facaweb.uncoma.edu.ar\/wp-content\/uploads\/2024\/10\/FAC-FAIN-INTA-240x300.png 240w, https:\/\/facaweb.uncoma.edu.ar\/wp-content\/uploads\/2024\/10\/FAC-FAIN-INTA-819x1024.png 819w, https:\/\/facaweb.uncoma.edu.ar\/wp-content\/uploads\/2024\/10\/FAC-FAIN-INTA-768x960.png 768w, https:\/\/facaweb.uncoma.edu.ar\/wp-content\/uploads\/2024\/10\/FAC-FAIN-INTA.png 1080w\" sizes=\"(max-width: 387px) 100vw, 387px\" \/>La Facultad de Ciencias Agrarias de la Universidad Nacional del Comahue, a trav\u00e9s de su Secretar\u00eda de Extensi\u00f3n, invita a la comunidad a participar de la charla debate \u00abAgua y Soberan\u00eda\u00bb. El evento, organizado por la C\u00e1tedra Libre de Transici\u00f3n Agroalimentaria y Energ\u00e9tica, se llevar\u00e1 a cabo el jueves 10 de octubre, de 14 a 17 hs., en el aula\u00a0 \u00abMadres\u00bb de la Facultad, ubicada en Ruta 151 km-12,5, Cinco Saltos, R\u00edo Negro.<\/p>\n<p data-sourcepos=\"15:1-15:261\">Expertos de diversas \u00e1reas analizar\u00e1n la problem\u00e1tica del acceso al agua y su gesti\u00f3n en la regi\u00f3n, con especial \u00e9nfasis en conflictos como el del Acu\u00edfero de Zapala y la relaci\u00f3n entre la explotaci\u00f3n de hidrocarburos no convencionales y los recursos h\u00eddricos.<\/p>\n<p data-sourcepos=\"17:1-17:385\">Entre los disertantes se encuentran Cristian Fern\u00e1ndez, Fernando Cabrera, Oscar V\u00e1zquez, Claudia Patricia Pelz, Federico Horne, Laura Forni y Juan Carlos Roca, quienes abordar\u00e1n temas como el impacto del R\u00e9gimen de Gesti\u00f3n H\u00eddrica (RIGI) en el derecho al agua, la planificaci\u00f3n de los recursos h\u00eddricos del R\u00edo Negro y los riesgos ambientales asociados a la actividad hidrocarbur\u00edfera.<\/p>\n<p data-sourcepos=\"19:1-19:119\">La actividad es libre y gratuita, sin inscripci\u00f3n previa, y est\u00e1 destinada a todo el p\u00fablico interesado en la tem\u00e1tica.<\/p>\n<p data-sourcepos=\"19:1-19:119\">Se transmitir\u00e1 por la<span style=\"color: #0000ff;\"> <a style=\"color: #0000ff;\" href=\"https:\/\/youtube.com\/@facultaddecienciasagrariasunco?si=tJcnOQ55MScYD-i0\">cuenta de Youtube de FaCA<\/a><\/span><\/p>\n","protected":false},"excerpt":{"rendered":"<p>La Facultad de Ciencias Agrarias de la Universidad Nacional del Comahue, a trav\u00e9s de su Secretar\u00eda de Extensi\u00f3n, invita a la comunidad a participar de la charla debate \u00abAgua y Soberan\u00eda\u00bb. El evento, organizado por la C\u00e1tedra Libre de Transici\u00f3n Agroalimentaria y Energ\u00e9tica, se llevar\u00e1 a cabo el jueves 10 de octubre, de 14 a [&hellip;]<\/p>\n","protected":false},"author":3,"featured_media":7683,"comment_status":"open","ping_status":"open","sticky":false,"template":"","format":"standard","meta":{"_acf_changed":false,"footnotes":""},"categories":[12,10],"tags":[],"class_list":["post-7682","post","type-post","status-publish","format-standard","has-post-thumbnail","hentry","category-institucional","category-novedades"],"acf":[],"_links":{"self":[{"href":"https:\/\/facaweb.uncoma.edu.ar\/index.php\/wp-json\/wp\/v2\/posts\/7682","targetHints":{"allow":["GET"]}}],"collection":[{"href":"https:\/\/facaweb.uncoma.edu.ar\/index.php\/wp-json\/wp\/v2\/posts"}],"about":[{"href":"https:\/\/facaweb.uncoma.edu.ar\/index.php\/wp-json\/wp\/v2\/types\/post"}],"author":[{"embeddable":true,"href":"https:\/\/facaweb.uncoma.edu.ar\/index.php\/wp-json\/wp\/v2\/users\/3"}],"replies":[{"embeddable":true,"href":"https:\/\/facaweb.uncoma.edu.ar\/index.php\/wp-json\/wp\/v2\/comments?post=7682"}],"version-history":[{"count":4,"href":"https:\/\/facaweb.uncoma.edu.ar\/index.php\/wp-json\/wp\/v2\/posts\/7682\/revisions"}],"predecessor-version":[{"id":7687,"href":"https:\/\/facaweb.uncoma.edu.ar\/index.php\/wp-json\/wp\/v2\/posts\/7682\/revisions\/7687"}],"wp:featuredmedia":[{"embeddable":true,"href":"https:\/\/facaweb.uncoma.edu.ar\/index.php\/wp-json\/wp\/v2\/media\/7683"}],"wp:attachment":[{"href":"https:\/\/facaweb.uncoma.edu.ar\/index.php\/wp-json\/wp\/v2\/media?parent=7682"}],"wp:term":[{"taxonomy":"category","embeddable":true,"href":"https:\/\/facaweb.uncoma.edu.ar\/index.php\/wp-json\/wp\/v2\/categories?post=7682"},{"taxonomy":"post_tag","embeddable":true,"href":"https:\/\/facaweb.uncoma.edu.ar\/index.php\/wp-json\/wp\/v2\/tags?post=7682"}],"curies":[{"name":"wp","href":"https:\/\/api.w.org\/{rel}","templated":true}]}}