{"id":2992,"date":"2023-04-13T08:45:44","date_gmt":"2023-04-13T11:45:44","guid":{"rendered":"https:\/\/facaweb.uncoma.edu.ar\/?p=2992"},"modified":"2023-04-13T08:45:44","modified_gmt":"2023-04-13T11:45:44","slug":"prorroga-en-la-validez-de-las-cursadas-de-las-asignaturas-del-1-y-2-cuatrimestre-2018-y-2019","status":"publish","type":"post","link":"https:\/\/facaweb.uncoma.edu.ar\/index.php\/sin-categoria\/prorroga-en-la-validez-de-las-cursadas-de-las-asignaturas-del-1-y-2-cuatrimestre-2018-y-2019\/","title":{"rendered":"PR\u00d3RROGA EN LA VALIDEZ DE LAS CURSADAS DE LAS ASIGNATURAS DEL 1\u00b0 Y 2\u00b0 CUATRIMESTRE 2018 Y 2019"},"content":{"rendered":"<p>Mediante la <a href=\"http:\/\/facaweb.uncoma.edu.ar\/wp-content\/uploads\/2023\/04\/RESOLUCION-FCA-N\u00b0-028-2023.-Prorroga-validez-cursados-2018-2019-con-propuesta-1.pdf\">Resoluci\u00f3n 028\/23 de la FaCA- UNCo<\/a> se prorrog\u00f3 para estudiantes la validez de las cursadas de las asignaturas correspondientes al 1\u00b0 y 2\u00b0 cuatrimestre de 2018 y 2019, hasta la finalizaci\u00f3n del Primer Cuatrimestre del 2023.<\/p>\n<p>Esta pr\u00f3rroga ser\u00e1 coordinada desde la Subsecretar\u00eda de Acompa\u00f1amiento para las Trayectorias Estudiantiles para permitir optimizar los acuerdos realizados. En este marco se realizar\u00e1 el relevamiento de las solicitudes y las trayectorias acad\u00e9micas estudiantiles. Para poder hacer este relevamiento pedimos a los estudiantes completar una encuesta hasta el 30 de abril.<\/p>\n<p><span>\u00a0<a href=\"https:\/\/docs.google.com\/forms\/d\/e\/1FAIpQLSeA2vOvZPr8h4xkqnFN347CYQ1irRt7xuIrfOoaNW6ess6Tuw\/viewform\">Acceder a la encuesta. <\/a>\u00a0<\/span><\/p>\n<p>&nbsp;<\/p>\n<p>&nbsp;<\/p>\n","protected":false},"excerpt":{"rendered":"<p>Mediante la Resoluci\u00f3n 028\/23 de la FaCA- UNCo se prorrog\u00f3 para estudiantes la validez de las cursadas de las asignaturas correspondientes al 1\u00b0 y 2\u00b0 cuatrimestre de 2018 y 2019, hasta la finalizaci\u00f3n del Primer Cuatrimestre del 2023. Esta pr\u00f3rroga ser\u00e1 coordinada desde la Subsecretar\u00eda de Acompa\u00f1amiento para las Trayectorias Estudiantiles para permitir optimizar los [&hellip;]<\/p>\n","protected":false},"author":3,"featured_media":0,"comment_status":"open","ping_status":"open","sticky":false,"template":"","format":"standard","meta":{"_acf_changed":false,"footnotes":""},"categories":[10,1],"tags":[],"class_list":["post-2992","post","type-post","status-publish","format-standard","hentry","category-novedades","category-sin-categoria"],"acf":[],"_links":{"self":[{"href":"https:\/\/facaweb.uncoma.edu.ar\/index.php\/wp-json\/wp\/v2\/posts\/2992","targetHints":{"allow":["GET"]}}],"collection":[{"href":"https:\/\/facaweb.uncoma.edu.ar\/index.php\/wp-json\/wp\/v2\/posts"}],"about":[{"href":"https:\/\/facaweb.uncoma.edu.ar\/index.php\/wp-json\/wp\/v2\/types\/post"}],"author":[{"embeddable":true,"href":"https:\/\/facaweb.uncoma.edu.ar\/index.php\/wp-json\/wp\/v2\/users\/3"}],"replies":[{"embeddable":true,"href":"https:\/\/facaweb.uncoma.edu.ar\/index.php\/wp-json\/wp\/v2\/comments?post=2992"}],"version-history":[{"count":0,"href":"https:\/\/facaweb.uncoma.edu.ar\/index.php\/wp-json\/wp\/v2\/posts\/2992\/revisions"}],"wp:attachment":[{"href":"https:\/\/facaweb.uncoma.edu.ar\/index.php\/wp-json\/wp\/v2\/media?parent=2992"}],"wp:term":[{"taxonomy":"category","embeddable":true,"href":"https:\/\/facaweb.uncoma.edu.ar\/index.php\/wp-json\/wp\/v2\/categories?post=2992"},{"taxonomy":"post_tag","embeddable":true,"href":"https:\/\/facaweb.uncoma.edu.ar\/index.php\/wp-json\/wp\/v2\/tags?post=2992"}],"curies":[{"name":"wp","href":"https:\/\/api.w.org\/{rel}","templated":true}]}}