{"id":2228,"date":"2022-04-26T10:23:57","date_gmt":"2022-04-26T13:23:57","guid":{"rendered":"https:\/\/facaweb.uncoma.edu.ar\/?p=2228"},"modified":"2022-04-26T10:23:57","modified_gmt":"2022-04-26T13:23:57","slug":"asi-fue-la-jornada-informativa-sobre-la-multiplicacion-de-la-variedad-de-maiz-negro-obtenida-localmente-en-la-norpatagonia","status":"publish","type":"post","link":"https:\/\/facaweb.uncoma.edu.ar\/index.php\/novedades\/asi-fue-la-jornada-informativa-sobre-la-multiplicacion-de-la-variedad-de-maiz-negro-obtenida-localmente-en-la-norpatagonia\/","title":{"rendered":"AS\u00cd FUE LA JORNADA ACERCA DE LA MULTIPLICACI\u00d3N DE LA VARIEDAD DE MA\u00cdZ NEGRO OBTENIDA LOCALMENTE EN LA NORPATAGONIA"},"content":{"rendered":"<p>El viernes 22 de abril, en el cuadro N\u00b0 9 de la Chacra Experimental de la Facultad de Ciencias Agrarias, se llev\u00f3 a cabo una jornada informativa sobre la multiplicaci\u00f3n de una variedad de ma\u00edz negro en el marco del proyecto de extensi\u00f3n N\u00b030 finalizado en el 2021 <em>\u201cPr\u00e1cticas y estrategias para la producci\u00f3n, multiplicaci\u00f3n y difusi\u00f3n de semilla de una variedad de ma\u00edz negro (Zea mays L var subnigroviolaceo) obtenida localmente en la Norpatagonia<\/em>\u201d<\/p>\n<p>En la misma participaron agricultores familiares residentes en localidades del Alto Valle, as\u00ed como t\u00e9cnicos del INTA y p\u00fablico en general.<\/p>\n<p>En dichas jornadas se expusieron de manera interdisciplinaria distintos aspectos del manejo y descripci\u00f3n de esta nueva y novedosa variedad de ma\u00edz para la regi\u00f3n de la Norpatagonia. Para ello los integrantes de las C\u00e1tedras del Taller Agr\u00edcola, Climatolog\u00eda y Fenolog\u00eda Agr\u00edcola y de Bot\u00e1nica General Agr\u00edcola, abordaron distintos aspectos del cultivo.<\/p>\n<p>La jornada concluy\u00f3 con un importante intercambio entre los y las agricultores\/as familiares e integrantes de la Facultad de Tecnolog\u00eda y Ciencia de la alimentaci\u00f3n, sobre la elaboraci\u00f3n de distintas platos a partir de esta variedad de ma\u00edz.<\/p>\n<p><img fetchpriority=\"high\" decoding=\"async\" src=\"http:\/\/facaweb.uncoma.edu.ar\/wp-content\/uploads\/2022\/04\/WhatsApp-Image-2022-04-22-at-10.12.30-AM-1-300x225.jpeg\" alt=\"\" width=\"300\" height=\"225\" class=\"alignnone size-medium wp-image-2230\" srcset=\"https:\/\/facaweb.uncoma.edu.ar\/wp-content\/uploads\/2022\/04\/WhatsApp-Image-2022-04-22-at-10.12.30-AM-1-300x225.jpeg 300w, https:\/\/facaweb.uncoma.edu.ar\/wp-content\/uploads\/2022\/04\/WhatsApp-Image-2022-04-22-at-10.12.30-AM-1-1024x768.jpeg 1024w, https:\/\/facaweb.uncoma.edu.ar\/wp-content\/uploads\/2022\/04\/WhatsApp-Image-2022-04-22-at-10.12.30-AM-1-768x576.jpeg 768w, https:\/\/facaweb.uncoma.edu.ar\/wp-content\/uploads\/2022\/04\/WhatsApp-Image-2022-04-22-at-10.12.30-AM-1-1536x1152.jpeg 1536w, https:\/\/facaweb.uncoma.edu.ar\/wp-content\/uploads\/2022\/04\/WhatsApp-Image-2022-04-22-at-10.12.30-AM-1.jpeg 1600w\" sizes=\"(max-width: 300px) 100vw, 300px\" \/> <img decoding=\"async\" src=\"http:\/\/facaweb.uncoma.edu.ar\/wp-content\/uploads\/2022\/04\/WhatsApp-Image-2022-04-22-at-1.48.23-PM-1-225x300.jpeg\" alt=\"\" width=\"218\" height=\"291\" class=\"alignnone wp-image-2231\" srcset=\"https:\/\/facaweb.uncoma.edu.ar\/wp-content\/uploads\/2022\/04\/WhatsApp-Image-2022-04-22-at-1.48.23-PM-1-225x300.jpeg 225w, https:\/\/facaweb.uncoma.edu.ar\/wp-content\/uploads\/2022\/04\/WhatsApp-Image-2022-04-22-at-1.48.23-PM-1-768x1024.jpeg 768w, https:\/\/facaweb.uncoma.edu.ar\/wp-content\/uploads\/2022\/04\/WhatsApp-Image-2022-04-22-at-1.48.23-PM-1-1152x1536.jpeg 1152w, https:\/\/facaweb.uncoma.edu.ar\/wp-content\/uploads\/2022\/04\/WhatsApp-Image-2022-04-22-at-1.48.23-PM-1.jpeg 1200w\" sizes=\"(max-width: 218px) 100vw, 218px\" \/><\/p>\n","protected":false},"excerpt":{"rendered":"<p>El viernes 22 de abril, en el cuadro N\u00b0 9 de la Chacra Experimental de la Facultad de Ciencias Agrarias, se llev\u00f3 a cabo una jornada informativa sobre la multiplicaci\u00f3n de una variedad de ma\u00edz negro en el marco del proyecto de extensi\u00f3n N\u00b030 finalizado en el 2021 \u201cPr\u00e1cticas y estrategias para la producci\u00f3n, multiplicaci\u00f3n [&hellip;]<\/p>\n","protected":false},"author":3,"featured_media":2229,"comment_status":"open","ping_status":"open","sticky":false,"template":"","format":"standard","meta":{"_acf_changed":false,"footnotes":""},"categories":[10],"tags":[],"class_list":["post-2228","post","type-post","status-publish","format-standard","has-post-thumbnail","hentry","category-novedades"],"acf":[],"_links":{"self":[{"href":"https:\/\/facaweb.uncoma.edu.ar\/index.php\/wp-json\/wp\/v2\/posts\/2228","targetHints":{"allow":["GET"]}}],"collection":[{"href":"https:\/\/facaweb.uncoma.edu.ar\/index.php\/wp-json\/wp\/v2\/posts"}],"about":[{"href":"https:\/\/facaweb.uncoma.edu.ar\/index.php\/wp-json\/wp\/v2\/types\/post"}],"author":[{"embeddable":true,"href":"https:\/\/facaweb.uncoma.edu.ar\/index.php\/wp-json\/wp\/v2\/users\/3"}],"replies":[{"embeddable":true,"href":"https:\/\/facaweb.uncoma.edu.ar\/index.php\/wp-json\/wp\/v2\/comments?post=2228"}],"version-history":[{"count":0,"href":"https:\/\/facaweb.uncoma.edu.ar\/index.php\/wp-json\/wp\/v2\/posts\/2228\/revisions"}],"wp:featuredmedia":[{"embeddable":true,"href":"https:\/\/facaweb.uncoma.edu.ar\/index.php\/wp-json\/wp\/v2\/media\/2229"}],"wp:attachment":[{"href":"https:\/\/facaweb.uncoma.edu.ar\/index.php\/wp-json\/wp\/v2\/media?parent=2228"}],"wp:term":[{"taxonomy":"category","embeddable":true,"href":"https:\/\/facaweb.uncoma.edu.ar\/index.php\/wp-json\/wp\/v2\/categories?post=2228"},{"taxonomy":"post_tag","embeddable":true,"href":"https:\/\/facaweb.uncoma.edu.ar\/index.php\/wp-json\/wp\/v2\/tags?post=2228"}],"curies":[{"name":"wp","href":"https:\/\/api.w.org\/{rel}","templated":true}]}}