{"id":1997,"date":"2021-11-17T20:07:33","date_gmt":"2021-11-17T23:07:33","guid":{"rendered":"https:\/\/facaweb.uncoma.edu.ar\/?p=1997"},"modified":"2021-11-17T20:07:33","modified_gmt":"2021-11-17T23:07:33","slug":"entre-la-produccion-de-alimentos-y-el-fracking-jornada-pre-catedra-libre-de-transicion-agroalimentaria-y-energetica","status":"publish","type":"post","link":"https:\/\/facaweb.uncoma.edu.ar\/index.php\/novedades\/entre-la-produccion-de-alimentos-y-el-fracking-jornada-pre-catedra-libre-de-transicion-agroalimentaria-y-energetica\/","title":{"rendered":"Entre la producci\u00f3n de alimentos y el fracking: Jornada pre C\u00e1tedra Libre de Transici\u00f3n Agroalimentaria y Energ\u00e9tica"},"content":{"rendered":"<p><span style=\"font-weight: 400;\">El equipo promotor de la C\u00e1tedra Libre de Transici\u00f3n Agroalimentaria y Energ\u00e9tica, <\/span><span style=\"font-weight: 400;\">la Mesa de transici\u00f3n productiva y energ\u00e9tica de R\u00edo Negro, <\/span><span style=\"font-weight: 400;\">y la Facultad de Ciencias Agrarias de la Universidad <\/span><span style=\"font-weight: 400;\">Nacional<\/span><span style=\"font-weight: 400;\"> del Comahue invitan a la Jornada pre C\u00e1tedra Libre de Transici\u00f3n Agroalimentaria y Energ\u00e9tica.<\/span><\/p>\n<p><span style=\"font-weight: 400;\">La tem\u00e1tica que se abordar\u00e1 ser\u00e1: Entre la producci\u00f3n de alimentos y el fracking, el viernes\u00a0 26\/11 a las 17 hs por Youtube de Facultad de Ciencias Agrarias en este link: <a href=\"https:\/\/youtu.be\/jgayNjISBXs\">https:\/\/youtu.be\/jgayNjISBXs<\/a><\/span><\/p>\n<p><span style=\"font-weight: 400;\">Tendr\u00e1n la voz:\u00a0<\/span><\/p>\n<p><span style=\"font-weight: 400;\">Agust\u00edn Gonz\u00e1lez, Facultad de Ciencias Agrarias y coordinador c\u00e1tedra libre.<\/span><\/p>\n<p><span style=\"font-weight: 400;\">Mariana Fern\u00e1ndez Massi, integrante C\u00e1tedra Libre<\/span><\/p>\n<p><span style=\"font-weight: 400;\">Graciela Nievas, decana Facultad de Ciencias Agrarias\u00a0<\/span><\/p>\n<p><span style=\"font-weight: 400;\">Jorge Chemes<\/span><i><span style=\"font-weight: 400;\">, <\/span><\/i><span style=\"font-weight: 400;\">Taller Ecologista, Observatorio de la Energ\u00eda y la Sustentabilidad (UTN)<\/span><\/p>\n<p><span style=\"font-weight: 400;\">Karina Zon, Uni\u00f3n de Trabajadores de la Tierra, Rio Colorado, R\u00edo Negro.<\/span><\/p>\n<p><span style=\"font-weight: 400;\">Gilberto Huilipan, Zonal Xawvnko Confederaci\u00f3n Mapuche de Neuqu\u00e9n.<\/span><\/p>\n<p><span style=\"font-weight: 400;\">Se realizar\u00e1 una entrevista sobre \u201cProyecto Energ\u00e9tico Popular\u201d de Brasil<\/span><\/p>\n<p><span style=\"font-weight: 400;\">Tatiane Paulino, Movimientos de Afectados por Represas.<\/span><\/p>\n<p><span style=\"font-weight: 400;\">Jo\u00e3o Moares, Federaci\u00f3n \u00danica de Trabajadores del Petr\u00f3leo.<\/span><\/p>\n<p>Los y las esperamos!<\/p>\n<p><img fetchpriority=\"high\" decoding=\"async\" src=\"http:\/\/facaweb.uncoma.edu.ar\/wp-content\/uploads\/2021\/11\/WhatsApp-Image-2021-11-17-at-14.15.54-300x300.jpeg\" alt=\"\" width=\"446\" height=\"446\" class=\"alignnone  wp-image-1998\" srcset=\"https:\/\/facaweb.uncoma.edu.ar\/wp-content\/uploads\/2021\/11\/WhatsApp-Image-2021-11-17-at-14.15.54-300x300.jpeg 300w, https:\/\/facaweb.uncoma.edu.ar\/wp-content\/uploads\/2021\/11\/WhatsApp-Image-2021-11-17-at-14.15.54-1024x1024.jpeg 1024w, https:\/\/facaweb.uncoma.edu.ar\/wp-content\/uploads\/2021\/11\/WhatsApp-Image-2021-11-17-at-14.15.54-150x150.jpeg 150w, https:\/\/facaweb.uncoma.edu.ar\/wp-content\/uploads\/2021\/11\/WhatsApp-Image-2021-11-17-at-14.15.54-768x768.jpeg 768w, https:\/\/facaweb.uncoma.edu.ar\/wp-content\/uploads\/2021\/11\/WhatsApp-Image-2021-11-17-at-14.15.54.jpeg 1280w\" sizes=\"(max-width: 446px) 100vw, 446px\" \/><\/p>\n<p>&nbsp;<\/p>\n","protected":false},"excerpt":{"rendered":"<p>El equipo promotor de la C\u00e1tedra Libre de Transici\u00f3n Agroalimentaria y Energ\u00e9tica, la Mesa de transici\u00f3n productiva y energ\u00e9tica de R\u00edo Negro, y la Facultad de Ciencias Agrarias de la Universidad Nacional del Comahue invitan a la Jornada pre C\u00e1tedra Libre de Transici\u00f3n Agroalimentaria y Energ\u00e9tica. La tem\u00e1tica que se abordar\u00e1 ser\u00e1: Entre la producci\u00f3n [&hellip;]<\/p>\n","protected":false},"author":3,"featured_media":1998,"comment_status":"open","ping_status":"open","sticky":false,"template":"","format":"standard","meta":{"_acf_changed":false,"footnotes":""},"categories":[10],"tags":[],"class_list":["post-1997","post","type-post","status-publish","format-standard","has-post-thumbnail","hentry","category-novedades"],"acf":[],"_links":{"self":[{"href":"https:\/\/facaweb.uncoma.edu.ar\/index.php\/wp-json\/wp\/v2\/posts\/1997","targetHints":{"allow":["GET"]}}],"collection":[{"href":"https:\/\/facaweb.uncoma.edu.ar\/index.php\/wp-json\/wp\/v2\/posts"}],"about":[{"href":"https:\/\/facaweb.uncoma.edu.ar\/index.php\/wp-json\/wp\/v2\/types\/post"}],"author":[{"embeddable":true,"href":"https:\/\/facaweb.uncoma.edu.ar\/index.php\/wp-json\/wp\/v2\/users\/3"}],"replies":[{"embeddable":true,"href":"https:\/\/facaweb.uncoma.edu.ar\/index.php\/wp-json\/wp\/v2\/comments?post=1997"}],"version-history":[{"count":0,"href":"https:\/\/facaweb.uncoma.edu.ar\/index.php\/wp-json\/wp\/v2\/posts\/1997\/revisions"}],"wp:featuredmedia":[{"embeddable":true,"href":"https:\/\/facaweb.uncoma.edu.ar\/index.php\/wp-json\/wp\/v2\/media\/1998"}],"wp:attachment":[{"href":"https:\/\/facaweb.uncoma.edu.ar\/index.php\/wp-json\/wp\/v2\/media?parent=1997"}],"wp:term":[{"taxonomy":"category","embeddable":true,"href":"https:\/\/facaweb.uncoma.edu.ar\/index.php\/wp-json\/wp\/v2\/categories?post=1997"},{"taxonomy":"post_tag","embeddable":true,"href":"https:\/\/facaweb.uncoma.edu.ar\/index.php\/wp-json\/wp\/v2\/tags?post=1997"}],"curies":[{"name":"wp","href":"https:\/\/api.w.org\/{rel}","templated":true}]}}