{"id":10034,"date":"2025-09-26T09:58:04","date_gmt":"2025-09-26T12:58:04","guid":{"rendered":"https:\/\/facaweb.uncoma.edu.ar\/?p=10034"},"modified":"2025-09-26T09:58:37","modified_gmt":"2025-09-26T12:58:37","slug":"segunda-convocatoria-de-acciones-tendientes-a-la-curricularizacion-de-la-extension-en-la-universidad-nacional-del-comahue","status":"publish","type":"post","link":"https:\/\/facaweb.uncoma.edu.ar\/index.php\/sin-categoria\/segunda-convocatoria-de-acciones-tendientes-a-la-curricularizacion-de-la-extension-en-la-universidad-nacional-del-comahue\/","title":{"rendered":"Segunda convocatoria de acciones tendientes a la curricularizaci\u00f3n de la Extensi\u00f3n en la Universidad Nacional del Comahue"},"content":{"rendered":"<h1>Compromiso Social Universitario. Segunda convocatoria de acciones tendientes a la curricularizaci\u00f3n de la Extensi\u00f3n en la Universidad Nacional del Comahue<\/h1>\n<p>&nbsp;<\/p>\n<p><img fetchpriority=\"high\" decoding=\"async\" class=\"wp-image-10035 aligncenter\" src=\"https:\/\/facaweb.uncoma.edu.ar\/wp-content\/uploads\/2025\/09\/Captura-de-pantalla-2025-09-26-095143-208x300.png\" alt=\"\" width=\"365\" height=\"526\" srcset=\"https:\/\/facaweb.uncoma.edu.ar\/wp-content\/uploads\/2025\/09\/Captura-de-pantalla-2025-09-26-095143-208x300.png 208w, https:\/\/facaweb.uncoma.edu.ar\/wp-content\/uploads\/2025\/09\/Captura-de-pantalla-2025-09-26-095143.png 590w\" sizes=\"(max-width: 365px) 100vw, 365px\" \/><\/p>\n<p>&nbsp;<\/p>\n<div class=\"excerpt\">\n<p>La Secretar\u00eda de Extensi\u00f3n de la FaCA informa que se encuentra abierta la Convocatoria Extraordinaria de Proyectos de Extensi\u00f3n \u201cCompromiso Social Universitario \u2013 Acciones tendientes a la curricularizaci\u00f3n de la Extensi\u00f3n\u201d.<\/p>\n<p>La convocatoria est\u00e1 destinada a Docentes, Estudiantes, Nodocentes y Graduados de la UNCo que conformen equipos liderados por Docentes.<\/p>\n<\/div>\n<div class=\"content\">\n<p>Las propuestas de Acciones de Extensi\u00f3n deber\u00e1n incentivar al estudiantado a involucrarse en Pr\u00e1cticas Sociales Educativas (PSE) y\/o Pr\u00e1cticas Socioeducativas Territorializadas (PST) como espacios de aprendizaje que vinculen los contenidos de las distintas c\u00e1tedras con las necesidades de la comunidad, en conjunto con las respectivas contrapartes institucionales, promoviendo el di\u00e1logo de saberes.<\/p>\n<p>Quienes tengan intenciones de formular un proyecto tienen a su disposici\u00f3n el documento de las Bases de la Convocatoria 2025 y en caso de querer iniciar la formulaci\u00f3n de un proyecto es necesario que se comuniquen con la Secretar\u00eda de Extensi\u00f3n.<\/p>\n<p><a href=\"https:\/\/docs.google.com\/forms\/d\/e\/1FAIpQLScm-qf_AGgeUYvj4Ivditk6tsDhIaam3abxPaR0fASZVf5n1Q\/viewform\">Formulario. Bases y condiciones de la convocatoria<\/a><\/p>\n<p>Contacto: <a href=\"mailto:secretaria.extension@faca.uncoma.edu.ar\">secretaria.extension@faca.uncoma.edu.ar<\/a><\/p>\n<p>El periodo de carga de los proyectos se extender\u00e1 desde el mi\u00e9rcoles 10 de septiembre hasta el martes 30 de septiembre de 2025 inclusive.<\/p>\n<\/div>\n","protected":false},"excerpt":{"rendered":"<p>Compromiso Social Universitario. Segunda convocatoria de acciones tendientes a la curricularizaci\u00f3n de la Extensi\u00f3n en la Universidad Nacional del Comahue &nbsp; &nbsp; La Secretar\u00eda de Extensi\u00f3n de la FaCA informa que se encuentra abierta la Convocatoria Extraordinaria de Proyectos de Extensi\u00f3n \u201cCompromiso Social Universitario \u2013 Acciones tendientes a la curricularizaci\u00f3n de la Extensi\u00f3n\u201d. La convocatoria [&hellip;]<\/p>\n","protected":false},"author":3,"featured_media":10035,"comment_status":"open","ping_status":"open","sticky":false,"template":"","format":"standard","meta":{"_acf_changed":false,"footnotes":""},"categories":[10,1],"tags":[],"class_list":["post-10034","post","type-post","status-publish","format-standard","has-post-thumbnail","hentry","category-novedades","category-sin-categoria"],"acf":[],"_links":{"self":[{"href":"https:\/\/facaweb.uncoma.edu.ar\/index.php\/wp-json\/wp\/v2\/posts\/10034","targetHints":{"allow":["GET"]}}],"collection":[{"href":"https:\/\/facaweb.uncoma.edu.ar\/index.php\/wp-json\/wp\/v2\/posts"}],"about":[{"href":"https:\/\/facaweb.uncoma.edu.ar\/index.php\/wp-json\/wp\/v2\/types\/post"}],"author":[{"embeddable":true,"href":"https:\/\/facaweb.uncoma.edu.ar\/index.php\/wp-json\/wp\/v2\/users\/3"}],"replies":[{"embeddable":true,"href":"https:\/\/facaweb.uncoma.edu.ar\/index.php\/wp-json\/wp\/v2\/comments?post=10034"}],"version-history":[{"count":1,"href":"https:\/\/facaweb.uncoma.edu.ar\/index.php\/wp-json\/wp\/v2\/posts\/10034\/revisions"}],"predecessor-version":[{"id":10036,"href":"https:\/\/facaweb.uncoma.edu.ar\/index.php\/wp-json\/wp\/v2\/posts\/10034\/revisions\/10036"}],"wp:featuredmedia":[{"embeddable":true,"href":"https:\/\/facaweb.uncoma.edu.ar\/index.php\/wp-json\/wp\/v2\/media\/10035"}],"wp:attachment":[{"href":"https:\/\/facaweb.uncoma.edu.ar\/index.php\/wp-json\/wp\/v2\/media?parent=10034"}],"wp:term":[{"taxonomy":"category","embeddable":true,"href":"https:\/\/facaweb.uncoma.edu.ar\/index.php\/wp-json\/wp\/v2\/categories?post=10034"},{"taxonomy":"post_tag","embeddable":true,"href":"https:\/\/facaweb.uncoma.edu.ar\/index.php\/wp-json\/wp\/v2\/tags?post=10034"}],"curies":[{"name":"wp","href":"https:\/\/api.w.org\/{rel}","templated":true}]}}